{"id":4748,"date":"2025-11-27T19:47:47","date_gmt":"2025-11-27T19:47:47","guid":{"rendered":"https:\/\/construccionsmodulars.es\/ca\/?post_type=blog&#038;p=4748"},"modified":"2025-12-15T18:53:37","modified_gmt":"2025-12-15T18:53:37","slug":"com-es-fabrica-casa-modular-pas-a-pas","status":"publish","type":"blog","link":"https:\/\/construccionsmodulars.es\/ca\/blog\/com-es-fabrica-casa-modular-pas-a-pas\/","title":{"rendered":"Com es fabrica una casa modular pas a pas"},"content":{"rendered":"<p><div class=\"fusion-fullwidth fullwidth-box fusion-builder-row-1 fusion-flex-container fusion-parallax-none hundred-percent-fullwidth non-hundred-percent-height-scrolling lazyload\" style=\"--awb-border-radius-top-left:0px;--awb-border-radius-top-right:0px;--awb-border-radius-bottom-right:0px;--awb-border-radius-bottom-left:0px;--awb-padding-top:0px;--awb-padding-bottom:0px;--awb-margin-bottom:0px;--awb-background-color:var(--awb-color2);--awb-background-image:linear-gradient(180deg, rgba(255,255,255,0.74) 0%,rgba(255,255,255,0.75) 100%);;--awb-background-size:cover;--awb-flex-wrap:wrap;\" data-bg=\"https:\/\/construccionsmodulars.es\/wp-content\/uploads\/2025\/11\/casa-high-tech-alicante-fachada-1024x576.jpg\" data-bg-gradient=\"linear-gradient(180deg, rgba(255,255,255,0.74) 0%,rgba(255,255,255,0.75) 100%)\" ><div class=\"fusion-builder-row fusion-row fusion-flex-align-items-flex-start fusion-flex-justify-content-center fusion-flex-content-wrap\" style=\"width:104% !important;max-width:104% !important;margin-left: calc(-4% \/ 2 );margin-right: calc(-4% \/ 2 );\"><div class=\"fusion-layout-column fusion_builder_column fusion-builder-column-0 fusion_builder_column_2_3 2_3 fusion-flex-column fusion-animated\" style=\"--awb-bg-blend:overlay;--awb-bg-size:cover;--awb-width-large:66.666666666667%;--awb-margin-top-large:133px;--awb-spacing-right-large:2.88%;--awb-margin-bottom-large:133px;--awb-spacing-left-large:2.88%;--awb-width-medium:100%;--awb-spacing-right-medium:1.92%;--awb-spacing-left-medium:1.92%;--awb-width-small:100%;--awb-spacing-right-small:1.92%;--awb-spacing-left-small:1.92%;\" data-animationType=\"zoomIn\" data-animationDuration=\"0.9\" data-animationOffset=\"top-into-view\"><div class=\"fusion-column-wrapper fusion-flex-justify-content-flex-start fusion-content-layout-column\"><div class=\"fusion-title title fusion-title-1 fusion-sep-none fusion-title-center fusion-title-text fusion-title-size-one\" style=\"--awb-text-color:var(--awb-color6);--awb-margin-top-small:0px;--awb-margin-right-small:0px;--awb-margin-bottom-small:20px;--awb-margin-left-small:0px;--awb-font-size:66px;\"><h1 class=\"fusion-title-heading title-heading-center fusion-responsive-typography-calculated\" style=\"font-family:&quot;Roboto&quot;;font-style:normal;font-weight:300;margin:0;text-transform:uppercase;font-size:1em;--fontSize:66;line-height:1.15;\"><h1 data-start=\"181\" data-end=\"226\"><strong data-start=\"181\" data-end=\"226\">Com es fabrica una casa modular pas a pas<\/strong><\/h1><\/h1><\/div><div class=\"fusion-separator\" style=\"align-self: center;margin-left: auto;margin-right: auto;margin-top:16px;margin-bottom:36px;width:100%;max-width:24%;\"><div class=\"fusion-separator-border sep-single\" style=\"--awb-height:20px;--awb-amount:20px;border-color:var(--awb-color6);border-top-width:2px;\"><\/div><\/div><\/div><\/div><\/div><\/div><div class=\"fusion-fullwidth fullwidth-box fusion-builder-row-2 fusion-flex-container has-pattern-background has-mask-background nonhundred-percent-fullwidth non-hundred-percent-height-scrolling\" style=\"--awb-border-radius-top-left:0px;--awb-border-radius-top-right:0px;--awb-border-radius-bottom-right:0px;--awb-border-radius-bottom-left:0px;--awb-padding-top:46px;--awb-padding-right-small:52px;--awb-padding-left-small:42px;--awb-margin-top:0px;--awb-background-color:var(--awb-color1);--awb-flex-wrap:wrap;\" ><div class=\"fusion-builder-row fusion-row fusion-flex-align-items-flex-start fusion-flex-content-wrap\" style=\"max-width:1227.2px;margin-left: calc(-4% \/ 2 );margin-right: calc(-4% \/ 2 );\"><div class=\"fusion-layout-column fusion_builder_column fusion-builder-column-1 fusion_builder_column_1_1 1_1 fusion-flex-column\" style=\"--awb-bg-size:cover;--awb-width-large:100%;--awb-margin-top-large:15px;--awb-spacing-right-large:1.92%;--awb-margin-bottom-large:15px;--awb-spacing-left-large:1.92%;--awb-width-medium:100%;--awb-order-medium:0;--awb-spacing-right-medium:1.92%;--awb-spacing-left-medium:1.92%;--awb-width-small:100%;--awb-order-small:0;--awb-spacing-right-small:1.92%;--awb-spacing-left-small:1.92%;\"><div class=\"fusion-column-wrapper fusion-column-has-shadow fusion-flex-justify-content-flex-start fusion-content-layout-column\"><div class=\"fusion-text fusion-text-1\"><p data-start=\"1109\" data-end=\"1402\"><strong data-start=\"1109\" data-end=\"1154\">Com es fabrica una casa modular pas a pas<\/strong> \u00e9s una de les preguntes m\u00e9s habituals entre les persones que busquen una alternativa eficient a la construcci\u00f3 tradicional.<br data-start=\"1278\" data-end=\"1281\" \/><strong data-start=\"1283\" data-end=\"1292\">A m\u00e9s<\/strong>, la construcci\u00f3 modular permet controlar tot el proc\u00e9s, reduir terminis i garantir una alta qualitat final.<\/p>\n<p data-start=\"1409\" data-end=\"1548\"><strong data-start=\"1409\" data-end=\"1426\">A continuaci\u00f3<\/strong>, t\u2019expliquem totes les fases de fabricaci\u00f3 d\u2019una casa modular, des del disseny inicial fins al muntatge final al terreny.<\/p>\n<h2 class=\"fusion-responsive-typography-calculated\" style=\"--fontsize: 16; line-height: 1.15; --minfontsize: 16;\" data-start=\"144\" data-end=\"192\" data-fontsize=\"16\" data-lineheight=\"18.4px\"><strong data-start=\"147\" data-end=\"192\">Com es fabrica una casa modular pas a pas<\/strong><\/h2>\n<p data-start=\"194\" data-end=\"375\">Les cases modulars estan revolucionant la manera com entenem la construcci\u00f3.<br data-start=\"270\" data-end=\"273\" \/>La seva rapidesa, precisi\u00f3 i sostenibilitat fan que cada vegada m\u00e9s persones optin per aquest sistema.<\/p>\n<p data-start=\"377\" data-end=\"493\"><strong data-start=\"377\" data-end=\"385\">Per\u00f2<\/strong>, com es fabrica realment una casa modular?<br data-start=\"428\" data-end=\"431\" \/><strong data-start=\"431\" data-end=\"460\">Qu\u00e8 passa dins la f\u00e0brica<\/strong> abans que arribi al teu terreny?<\/p>\n<h2 class=\"fusion-responsive-typography-calculated\" style=\"--fontsize: 16; line-height: 1.15; --minfontsize: 16;\" data-start=\"500\" data-end=\"543\" data-fontsize=\"16\" data-lineheight=\"18.4px\"><\/h2>\n<h2 class=\"fusion-responsive-typography-calculated\" style=\"--fontsize: 16; line-height: 1.15; --minfontsize: 16;\" data-start=\"500\" data-end=\"543\" data-fontsize=\"16\" data-lineheight=\"18.4px\"><strong data-start=\"503\" data-end=\"543\">1. Fase de disseny i planificaci\u00f3 <\/strong><\/h2>\n<p data-start=\"545\" data-end=\"757\">Tot comen\u00e7a amb una reuni\u00f3 inicial on el client exposa les seves necessitats, estil de vida i pressupost.<br data-start=\"650\" data-end=\"653\" \/><strong data-start=\"653\" data-end=\"672\">A partir d\u2019aqu\u00ed<\/strong>, arquitectes i enginyers desenvolupen el projecte t\u00e8cnic i el disseny personalitzat.<\/p>\n<p data-start=\"759\" data-end=\"793\">Durant aquesta fase es defineixen:<\/p>\n<ul data-start=\"794\" data-end=\"997\">\n<li data-start=\"794\" data-end=\"843\">\n<p data-start=\"796\" data-end=\"843\">La distribuci\u00f3 interior i la superf\u00edcie total<\/p>\n<\/li>\n<li data-start=\"844\" data-end=\"883\">\n<p data-start=\"846\" data-end=\"883\">Els materials, a\u00efllaments i acabats<\/p>\n<\/li>\n<li data-start=\"884\" data-end=\"945\">\n<p data-start=\"886\" data-end=\"945\">Les instal\u00b7lacions el\u00e8ctriques, sanit\u00e0ries i energ\u00e8tiques<\/p>\n<\/li>\n<li data-start=\"946\" data-end=\"997\">\n<p data-start=\"948\" data-end=\"997\">La certificaci\u00f3 energ\u00e8tica i la normativa local<\/p>\n<\/li>\n<\/ul>\n<p data-start=\"999\" data-end=\"1133\"><strong data-start=\"999\" data-end=\"1021\">Avantatge modular:<\/strong><br data-start=\"1021\" data-end=\"1024\" \/>El disseny s\u2019ajusta mil\u00b7lim\u00e8tricament abans de fabricar, garantint precisi\u00f3 i zero imprevistos durant l\u2019obra.<\/p>\n<h2 class=\"fusion-responsive-typography-calculated\" style=\"--fontsize: 16; line-height: 1.15; --minfontsize: 16;\" data-start=\"1140\" data-end=\"1206\" data-fontsize=\"16\" data-lineheight=\"18.4px\"><\/h2>\n<h2 class=\"fusion-responsive-typography-calculated\" style=\"--fontsize: 16; line-height: 1.15; --minfontsize: 16;\" data-start=\"1140\" data-end=\"1206\" data-fontsize=\"16\" data-lineheight=\"18.4px\"><strong data-start=\"1143\" data-end=\"1206\">2. Fabricaci\u00f3 en f\u00e0brica: precisi\u00f3 i control de qualitat <\/strong><\/h2>\n<p data-start=\"1208\" data-end=\"1405\">Un cop aprovat el projecte, comen\u00e7a la fabricaci\u00f3 dels m\u00f2duls estructurals en un entorn controlat.<br data-start=\"1306\" data-end=\"1309\" \/><strong data-start=\"1309\" data-end=\"1320\">\u00c9s aqu\u00ed<\/strong> on la construcci\u00f3 modular marca la difer\u00e8ncia respecte a la construcci\u00f3 tradicional.<\/p>\n<p data-start=\"1407\" data-end=\"1441\">Principals etapes dins la f\u00e0brica:<\/p>\n<ul data-start=\"1442\" data-end=\"1713\">\n<li data-start=\"1442\" data-end=\"1504\">\n<p data-start=\"1444\" data-end=\"1504\">Estructura i xass\u00eds del m\u00f2dul (acer, fusta o sistema mixt)<\/p>\n<\/li>\n<li data-start=\"1505\" data-end=\"1556\">\n<p data-start=\"1507\" data-end=\"1556\">A\u00efllaments t\u00e8rmics i ac\u00fastics d\u2019alta efici\u00e8ncia<\/p>\n<\/li>\n<li data-start=\"1557\" data-end=\"1618\">\n<p data-start=\"1559\" data-end=\"1618\">Instal\u00b7lacions el\u00e8ctriques, sanit\u00e0ries i de climatitzaci\u00f3<\/p>\n<\/li>\n<li data-start=\"1619\" data-end=\"1673\">\n<p data-start=\"1621\" data-end=\"1673\">Col\u00b7locaci\u00f3 de fusteries, finestres i revestiments<\/p>\n<\/li>\n<li data-start=\"1674\" data-end=\"1713\">\n<p data-start=\"1676\" data-end=\"1713\">Pintura, paviments i acabats finals<\/p>\n<\/li>\n<\/ul>\n<p data-start=\"1715\" data-end=\"1868\"><strong data-start=\"1715\" data-end=\"1724\">A m\u00e9s<\/strong>, tots aquests processos es realitzen simult\u00e0niament en diferents m\u00f2duls, reduint els terminis en m\u00e9s d\u2019un 60% respecte a una obra convencional.<\/p>\n<p data-start=\"1870\" data-end=\"1975\"><strong data-start=\"1870\" data-end=\"1892\">Avantatge modular:<\/strong><br data-start=\"1892\" data-end=\"1895\" \/>Control de qualitat constant, precisi\u00f3 mil\u00b7lim\u00e8trica i materials sense defectes.<\/p>\n<h2 class=\"fusion-responsive-typography-calculated\" style=\"--fontsize: 16; line-height: 1.15; --minfontsize: 16;\" data-start=\"1982\" data-end=\"2028\" data-fontsize=\"16\" data-lineheight=\"18.4px\"><\/h2>\n<h2 class=\"fusion-responsive-typography-calculated\" style=\"--fontsize: 16; line-height: 1.15; --minfontsize: 16;\" data-start=\"1982\" data-end=\"2028\" data-fontsize=\"16\" data-lineheight=\"18.4px\"><strong data-start=\"1985\" data-end=\"2028\">3. Transport i log\u00edstica dels m\u00f2duls <\/strong><\/h2>\n<p data-start=\"2030\" data-end=\"2250\">Quan els m\u00f2duls estan acabats, s\u2019embalen i es protegeixen acuradament per al seu transport fins al terreny.<br data-start=\"2137\" data-end=\"2140\" \/><strong data-start=\"2140\" data-end=\"2157\">Posteriorment<\/strong>, cada pe\u00e7a es trasllada amb camions especials i es coordina amb l\u2019equip de muntatge a dest\u00ed.<\/p>\n<p data-start=\"2252\" data-end=\"2369\"><strong data-start=\"2252\" data-end=\"2274\">Avantatge modular:<\/strong><br data-start=\"2274\" data-end=\"2277\" \/>Transport r\u00e0pid i segur, amb la fonamentaci\u00f3 ja preparada perqu\u00e8 tot encaixi a la perfecci\u00f3.<\/p>\n<h2 class=\"fusion-responsive-typography-calculated\" style=\"--fontsize: 16; line-height: 1.15; --minfontsize: 16;\" data-start=\"2376\" data-end=\"2408\" data-fontsize=\"16\" data-lineheight=\"18.4px\"><\/h2>\n<h2 class=\"fusion-responsive-typography-calculated\" style=\"--fontsize: 16; line-height: 1.15; --minfontsize: 16;\" data-start=\"2376\" data-end=\"2408\" data-fontsize=\"16\" data-lineheight=\"18.4px\"><strong data-start=\"2379\" data-end=\"2408\">4. Muntatge al terreny <\/strong><\/h2>\n<p data-start=\"2410\" data-end=\"2627\">Aquesta \u00e9s una de les fases m\u00e9s espectaculars del proc\u00e9s.<br data-start=\"2467\" data-end=\"2470\" \/><strong data-start=\"2470\" data-end=\"2488\">En aquest punt<\/strong>, una grua col\u00b7loca els m\u00f2duls a la seva posici\u00f3 exacta, i l\u2019equip t\u00e8cnic els uneix mitjan\u00e7ant sistemes d\u2019ancoratge i segellat estructural.<\/p>\n<p data-start=\"2629\" data-end=\"2795\"><strong data-start=\"2629\" data-end=\"2655\">En nom\u00e9s un o dos dies<\/strong>, l\u2019habitatge ja t\u00e9 la seva forma final.<br data-start=\"2695\" data-end=\"2698\" \/>A continuaci\u00f3, es connecten les instal\u00b7lacions, es revisen els acabats i es valida l\u2019estanquitat.<\/p>\n<p data-start=\"2797\" data-end=\"2918\"><strong data-start=\"2797\" data-end=\"2819\">Avantatge modular:<\/strong><br data-start=\"2819\" data-end=\"2822\" \/>Muntatge r\u00e0pid, net, sense sorolls prolongats i sense depend\u00e8ncia de les condicions clim\u00e0tiques.<\/p>\n<h2 class=\"fusion-responsive-typography-calculated\" style=\"--fontsize: 16; line-height: 1.15; --minfontsize: 16;\" data-start=\"2925\" data-end=\"2980\" data-fontsize=\"16\" data-lineheight=\"18.4px\"><\/h2>\n<h2 class=\"fusion-responsive-typography-calculated\" style=\"--fontsize: 16; line-height: 1.15; --minfontsize: 16;\" data-start=\"2925\" data-end=\"2980\" data-fontsize=\"16\" data-lineheight=\"18.4px\"><strong data-start=\"2928\" data-end=\"2980\">5. Acabats, inspecci\u00f3 i lliurament clau en m\u00e0 <\/strong><\/h2>\n<p data-start=\"2982\" data-end=\"3152\">Finalment, es revisen tots els detalls: pintura, fusteria i acabats interiors.<br data-start=\"3060\" data-end=\"3063\" \/><strong data-start=\"3063\" data-end=\"3072\">A m\u00e9s<\/strong>, es realitzen proves d\u2019a\u00efllament, seguretat i estanquitat abans del lliurament.<\/p>\n<p data-start=\"3154\" data-end=\"3219\">El client pot fer una visita de control pr\u00e8via a l\u2019entrega final.<\/p>\n<p data-start=\"3221\" data-end=\"3335\"><strong data-start=\"3221\" data-end=\"3243\">Avantatge modular:<\/strong><br data-start=\"3243\" data-end=\"3246\" \/>No hi ha sobrecostos ni retards, ja que tot el proc\u00e9s est\u00e0 planificat des del primer dia.<\/p>\n<h2 class=\"fusion-responsive-typography-calculated\" style=\"--fontsize: 16; line-height: 1.15; --minfontsize: 16;\" data-start=\"3342\" data-end=\"3398\" data-fontsize=\"16\" data-lineheight=\"18.4px\"><\/h2>\n<h2 class=\"fusion-responsive-typography-calculated\" style=\"--fontsize: 16; line-height: 1.15; --minfontsize: 16;\" data-start=\"3342\" data-end=\"3398\" data-fontsize=\"16\" data-lineheight=\"18.4px\"><strong data-start=\"3345\" data-end=\"3398\">6. Beneficis davant la construcci\u00f3 tradicional <\/strong><\/h2>\n<p><strong data-start=\"3345\" data-end=\"3398\">\u00a0<\/strong><\/p>\n<div class=\"TyagGW_tableContainer\">\n<div class=\"group TyagGW_tableWrapper flex w-fit flex-col-reverse\" tabindex=\"-1\">\n<table class=\"w-fit min-w-(--thread-content-width)\" data-start=\"3400\" data-end=\"3827\">\n<thead data-start=\"3400\" data-end=\"3445\">\n<tr data-start=\"3400\" data-end=\"3445\">\n<th data-start=\"3400\" data-end=\"3410\" data-col-size=\"sm\">Aspecte<\/th>\n<th data-start=\"3410\" data-end=\"3425\" data-col-size=\"sm\">Casa modular<\/th>\n<th data-start=\"3425\" data-end=\"3445\" data-col-size=\"sm\">Casa tradicional<\/th>\n<\/tr>\n<\/thead>\n<tbody data-start=\"3490\" data-end=\"3827\">\n<tr data-start=\"3490\" data-end=\"3544\">\n<td data-start=\"3490\" data-end=\"3513\" data-col-size=\"sm\">Temps de construcci\u00f3<\/td>\n<td data-start=\"3513\" data-end=\"3527\" data-col-size=\"sm\">3 a 6 mesos<\/td>\n<td data-start=\"3527\" data-end=\"3544\" data-col-size=\"sm\">12 a 24 mesos<\/td>\n<\/tr>\n<tr data-start=\"3545\" data-end=\"3617\">\n<td data-start=\"3545\" data-end=\"3567\" data-col-size=\"sm\">Control de qualitat<\/td>\n<td data-start=\"3567\" data-end=\"3596\" data-col-size=\"sm\">En f\u00e0brica, 100% controlat<\/td>\n<td data-start=\"3596\" data-end=\"3617\" data-col-size=\"sm\">En obra, variable<\/td>\n<\/tr>\n<tr data-start=\"3618\" data-end=\"3688\">\n<td data-start=\"3618\" data-end=\"3631\" data-col-size=\"sm\">Cost final<\/td>\n<td data-start=\"3631\" data-end=\"3655\" data-col-size=\"sm\">Tancat des de l\u2019inici<\/td>\n<td data-start=\"3655\" data-end=\"3688\" data-col-size=\"sm\">Pot augmentar per imprevistos<\/td>\n<\/tr>\n<tr data-start=\"3689\" data-end=\"3746\">\n<td data-start=\"3689\" data-end=\"3709\" data-col-size=\"sm\">Impacte ambiental<\/td>\n<td data-start=\"3709\" data-end=\"3717\" data-col-size=\"sm\">M\u00ednim<\/td>\n<td data-start=\"3717\" data-end=\"3746\" data-col-size=\"sm\">Alt (residus i transport)<\/td>\n<\/tr>\n<tr data-start=\"3747\" data-end=\"3827\">\n<td data-start=\"3747\" data-end=\"3768\" data-col-size=\"sm\">Precisi\u00f3 i disseny<\/td>\n<td data-start=\"3768\" data-end=\"3802\" data-col-size=\"sm\">Mil\u00b7lim\u00e8trica i personalitzable<\/td>\n<td data-start=\"3802\" data-end=\"3827\" data-col-size=\"sm\">Manual i m\u00e9s variable<\/td>\n<\/tr>\n<\/tbody>\n<\/table>\n<\/div>\n<\/div>\n<h2 class=\"fusion-responsive-typography-calculated\" style=\"--fontsize: 16; line-height: 1.15; --minfontsize: 16;\" data-start=\"3834\" data-end=\"3891\" data-fontsize=\"16\" data-lineheight=\"18.4px\"><\/h2>\n<h2 class=\"fusion-responsive-typography-calculated\" style=\"--fontsize: 16; line-height: 1.15; --minfontsize: 16;\" data-start=\"3834\" data-end=\"3891\" data-fontsize=\"16\" data-lineheight=\"18.4px\">.<\/h2>\n<h2 class=\"fusion-responsive-typography-calculated\" style=\"--fontsize: 16; line-height: 1.15; --minfontsize: 16;\" data-start=\"3834\" data-end=\"3891\" data-fontsize=\"16\" data-lineheight=\"18.4px\"><strong data-start=\"3837\" data-end=\"3891\">\u00a0<\/strong><\/h2>\n<p><strong data-start=\"3837\" data-end=\"3891\">\u00a0<\/strong><\/p>\n<h2 class=\"fusion-responsive-typography-calculated\" style=\"--fontsize: 16; line-height: 1.15; --minfontsize: 16;\" data-start=\"3834\" data-end=\"3891\" data-fontsize=\"16\" data-lineheight=\"18.4px\"><strong data-start=\"3837\" data-end=\"3891\">Conclusi\u00f3: el futur de la construcci\u00f3 \u00e9s modular <\/strong><\/h2>\n<p data-start=\"3893\" data-end=\"4114\">La construcci\u00f3 modular combina el millor de l\u2019enginyeria i l\u2019arquitectura moderna: <strong data-start=\"3976\" data-end=\"4016\">efici\u00e8ncia, sostenibilitat i confort<\/strong>.<br data-start=\"4017\" data-end=\"4020\" \/>Cada casa es fabrica amb precisi\u00f3 industrial, per\u00f2 amb l\u2019\u00e0nima d\u2019un projecte totalment a mida.<\/p>\n<p data-start=\"4116\" data-end=\"4297\">A <strong data-start=\"4118\" data-end=\"4144\">Construccions Modulars<\/strong>, acompanyem el client en totes les fases \u2014des del disseny fins al lliurament\u2014 perqu\u00e8 l\u2019experi\u00e8ncia sigui tan s\u00f2lida i eficient com el seu nou habitatge.<\/p>\n<p data-start=\"4299\" data-end=\"4371\"><strong data-start=\"4302\" data-end=\"4371\">Contacta amb nosaltres i sol\u00b7licita el teu assessorament gratu\u00eft.<\/strong><\/p>\n<h3 class=\"fusion-responsive-typography-calculated\" style=\"text-align: center; --fontsize: 16; line-height: 1.15; --minfontsize: 16;\" data-fontsize=\"16\" data-lineheight=\"18.4px\"><\/h3>\n<\/div><\/div><\/div><\/div><\/div><\/p>\n","protected":false},"featured_media":4749,"template":"","class_list":["post-4748","blog","type-blog","status-publish","has-post-thumbnail","hentry"],"yoast_head":"<!-- This site is optimized with the Yoast SEO Premium plugin v25.1 (Yoast SEO v27.5) - https:\/\/yoast.com\/product\/yoast-seo-premium-wordpress\/ -->\n<title>Com es fabrica una casa modular pas a pas - ModulAr<\/title>\n<meta name=\"description\" content=\"Descobreix com es fabrica una casa modular pas a pas, des del disseny fins al muntatge final, amb un proc\u00e9s eficient i controlat.\" \/>\n<meta name=\"robots\" content=\"index, follow, max-snippet:-1, max-image-preview:large, max-video-preview:-1\" \/>\n<link rel=\"canonical\" href=\"https:\/\/construccionsmodulars.es\/ca\/blog\/com-es-fabrica-casa-modular-pas-a-pas\/\" \/>\n<meta property=\"og:locale\" content=\"ca_ES\" \/>\n<meta property=\"og:type\" content=\"article\" \/>\n<meta property=\"og:title\" content=\"Com es fabrica una casa modular pas a pas\" \/>\n<meta property=\"og:description\" content=\"Descobreix com es fabrica una casa modular pas a pas, des del disseny fins al muntatge final, amb un proc\u00e9s eficient i controlat.\" \/>\n<meta property=\"og:url\" content=\"https:\/\/construccionsmodulars.es\/ca\/blog\/com-es-fabrica-casa-modular-pas-a-pas\/\" \/>\n<meta property=\"og:site_name\" content=\"ModulAr\" \/>\n<meta property=\"article:publisher\" content=\"https:\/\/www.facebook.com\/ModularCasasyestructuras\" \/>\n<meta property=\"article:modified_time\" content=\"2025-12-15T18:53:37+00:00\" \/>\n<meta property=\"og:image\" content=\"https:\/\/construccionsmodulars.es\/wp-content\/uploads\/2025\/11\/casa-high-tech-alicante-fachada.jpg\" \/>\n\t<meta property=\"og:image:width\" content=\"1920\" \/>\n\t<meta property=\"og:image:height\" content=\"1080\" \/>\n\t<meta property=\"og:image:type\" content=\"image\/jpeg\" \/>\n<meta name=\"twitter:card\" content=\"summary_large_image\" \/>\n<meta name=\"twitter:label1\" content=\"Temps estimat de lectura\" \/>\n\t<meta name=\"twitter:data1\" content=\"4 minuts\" \/>\n<script type=\"application\/ld+json\" class=\"yoast-schema-graph\">{\"@context\":\"https:\\\/\\\/schema.org\",\"@graph\":[{\"@type\":\"WebPage\",\"@id\":\"https:\\\/\\\/construccionsmodulars.es\\\/ca\\\/blog\\\/com-es-fabrica-casa-modular-pas-a-pas\\\/\",\"url\":\"https:\\\/\\\/construccionsmodulars.es\\\/ca\\\/blog\\\/com-es-fabrica-casa-modular-pas-a-pas\\\/\",\"name\":\"Com es fabrica una casa modular pas a pas - ModulAr\",\"isPartOf\":{\"@id\":\"https:\\\/\\\/construccionsmodulars.es\\\/ca\\\/#website\"},\"primaryImageOfPage\":{\"@id\":\"https:\\\/\\\/construccionsmodulars.es\\\/ca\\\/blog\\\/com-es-fabrica-casa-modular-pas-a-pas\\\/#primaryimage\"},\"image\":{\"@id\":\"https:\\\/\\\/construccionsmodulars.es\\\/ca\\\/blog\\\/com-es-fabrica-casa-modular-pas-a-pas\\\/#primaryimage\"},\"thumbnailUrl\":\"https:\\\/\\\/construccionsmodulars.es\\\/wp-content\\\/uploads\\\/2025\\\/11\\\/casa-high-tech-alicante-fachada.jpg\",\"datePublished\":\"2025-11-27T19:47:47+00:00\",\"dateModified\":\"2025-12-15T18:53:37+00:00\",\"description\":\"Descobreix com es fabrica una casa modular pas a pas, des del disseny fins al muntatge final, amb un proc\u00e9s eficient i controlat.\",\"breadcrumb\":{\"@id\":\"https:\\\/\\\/construccionsmodulars.es\\\/ca\\\/blog\\\/com-es-fabrica-casa-modular-pas-a-pas\\\/#breadcrumb\"},\"inLanguage\":\"ca\",\"potentialAction\":[{\"@type\":\"ReadAction\",\"target\":[\"https:\\\/\\\/construccionsmodulars.es\\\/ca\\\/blog\\\/com-es-fabrica-casa-modular-pas-a-pas\\\/\"]}]},{\"@type\":\"ImageObject\",\"inLanguage\":\"ca\",\"@id\":\"https:\\\/\\\/construccionsmodulars.es\\\/ca\\\/blog\\\/com-es-fabrica-casa-modular-pas-a-pas\\\/#primaryimage\",\"url\":\"https:\\\/\\\/construccionsmodulars.es\\\/wp-content\\\/uploads\\\/2025\\\/11\\\/casa-high-tech-alicante-fachada.jpg\",\"contentUrl\":\"https:\\\/\\\/construccionsmodulars.es\\\/wp-content\\\/uploads\\\/2025\\\/11\\\/casa-high-tech-alicante-fachada.jpg\",\"width\":1920,\"height\":1080,\"caption\":\"Proc\u00e9s de fabricaci\u00f3 d\u2019una casa modular pas a pas\"},{\"@type\":\"BreadcrumbList\",\"@id\":\"https:\\\/\\\/construccionsmodulars.es\\\/ca\\\/blog\\\/com-es-fabrica-casa-modular-pas-a-pas\\\/#breadcrumb\",\"itemListElement\":[{\"@type\":\"ListItem\",\"position\":1,\"name\":\"Inici\",\"item\":\"https:\\\/\\\/construccionsmodulars.es\\\/ca\\\/\"},{\"@type\":\"ListItem\",\"position\":2,\"name\":\"Com es fabrica una casa modular pas a pas\"}]},{\"@type\":\"WebSite\",\"@id\":\"https:\\\/\\\/construccionsmodulars.es\\\/ca\\\/#website\",\"url\":\"https:\\\/\\\/construccionsmodulars.es\\\/ca\\\/\",\"name\":\"ModulAr\",\"description\":\"Construccions Met\u00e0l.liques\",\"publisher\":{\"@id\":\"https:\\\/\\\/construccionsmodulars.es\\\/ca\\\/#organization\"},\"potentialAction\":[{\"@type\":\"SearchAction\",\"target\":{\"@type\":\"EntryPoint\",\"urlTemplate\":\"https:\\\/\\\/construccionsmodulars.es\\\/ca\\\/?s={search_term_string}\"},\"query-input\":{\"@type\":\"PropertyValueSpecification\",\"valueRequired\":true,\"valueName\":\"search_term_string\"}}],\"inLanguage\":\"ca\"},{\"@type\":\"Organization\",\"@id\":\"https:\\\/\\\/construccionsmodulars.es\\\/ca\\\/#organization\",\"name\":\"ModulAr\",\"url\":\"https:\\\/\\\/construccionsmodulars.es\\\/ca\\\/\",\"logo\":{\"@type\":\"ImageObject\",\"inLanguage\":\"ca\",\"@id\":\"https:\\\/\\\/construccionsmodulars.es\\\/ca\\\/#\\\/schema\\\/logo\\\/image\\\/\",\"url\":\"https:\\\/\\\/construccionsmodulars.es\\\/wp-content\\\/uploads\\\/2025\\\/06\\\/Logo_Modular_v03-18-scaled.jpg\",\"contentUrl\":\"https:\\\/\\\/construccionsmodulars.es\\\/wp-content\\\/uploads\\\/2025\\\/06\\\/Logo_Modular_v03-18-scaled.jpg\",\"width\":2560,\"height\":2560,\"caption\":\"ModulAr\"},\"image\":{\"@id\":\"https:\\\/\\\/construccionsmodulars.es\\\/ca\\\/#\\\/schema\\\/logo\\\/image\\\/\"},\"sameAs\":[\"https:\\\/\\\/www.facebook.com\\\/ModularCasasyestructuras\",\"https:\\\/\\\/www.instagram.com\\\/modular_estructuras_metalicas\\\/\"]}]}<\/script>\n<!-- \/ Yoast SEO Premium plugin. -->","yoast_head_json":{"title":"Com es fabrica una casa modular pas a pas - ModulAr","description":"Descobreix com es fabrica una casa modular pas a pas, des del disseny fins al muntatge final, amb un proc\u00e9s eficient i controlat.","robots":{"index":"index","follow":"follow","max-snippet":"max-snippet:-1","max-image-preview":"max-image-preview:large","max-video-preview":"max-video-preview:-1"},"canonical":"https:\/\/construccionsmodulars.es\/ca\/blog\/com-es-fabrica-casa-modular-pas-a-pas\/","og_locale":"ca_ES","og_type":"article","og_title":"Com es fabrica una casa modular pas a pas","og_description":"Descobreix com es fabrica una casa modular pas a pas, des del disseny fins al muntatge final, amb un proc\u00e9s eficient i controlat.","og_url":"https:\/\/construccionsmodulars.es\/ca\/blog\/com-es-fabrica-casa-modular-pas-a-pas\/","og_site_name":"ModulAr","article_publisher":"https:\/\/www.facebook.com\/ModularCasasyestructuras","article_modified_time":"2025-12-15T18:53:37+00:00","og_image":[{"width":1920,"height":1080,"url":"https:\/\/construccionsmodulars.es\/wp-content\/uploads\/2025\/11\/casa-high-tech-alicante-fachada.jpg","type":"image\/jpeg"}],"twitter_card":"summary_large_image","twitter_misc":{"Temps estimat de lectura":"4 minuts"},"schema":{"@context":"https:\/\/schema.org","@graph":[{"@type":"WebPage","@id":"https:\/\/construccionsmodulars.es\/ca\/blog\/com-es-fabrica-casa-modular-pas-a-pas\/","url":"https:\/\/construccionsmodulars.es\/ca\/blog\/com-es-fabrica-casa-modular-pas-a-pas\/","name":"Com es fabrica una casa modular pas a pas - ModulAr","isPartOf":{"@id":"https:\/\/construccionsmodulars.es\/ca\/#website"},"primaryImageOfPage":{"@id":"https:\/\/construccionsmodulars.es\/ca\/blog\/com-es-fabrica-casa-modular-pas-a-pas\/#primaryimage"},"image":{"@id":"https:\/\/construccionsmodulars.es\/ca\/blog\/com-es-fabrica-casa-modular-pas-a-pas\/#primaryimage"},"thumbnailUrl":"https:\/\/construccionsmodulars.es\/wp-content\/uploads\/2025\/11\/casa-high-tech-alicante-fachada.jpg","datePublished":"2025-11-27T19:47:47+00:00","dateModified":"2025-12-15T18:53:37+00:00","description":"Descobreix com es fabrica una casa modular pas a pas, des del disseny fins al muntatge final, amb un proc\u00e9s eficient i controlat.","breadcrumb":{"@id":"https:\/\/construccionsmodulars.es\/ca\/blog\/com-es-fabrica-casa-modular-pas-a-pas\/#breadcrumb"},"inLanguage":"ca","potentialAction":[{"@type":"ReadAction","target":["https:\/\/construccionsmodulars.es\/ca\/blog\/com-es-fabrica-casa-modular-pas-a-pas\/"]}]},{"@type":"ImageObject","inLanguage":"ca","@id":"https:\/\/construccionsmodulars.es\/ca\/blog\/com-es-fabrica-casa-modular-pas-a-pas\/#primaryimage","url":"https:\/\/construccionsmodulars.es\/wp-content\/uploads\/2025\/11\/casa-high-tech-alicante-fachada.jpg","contentUrl":"https:\/\/construccionsmodulars.es\/wp-content\/uploads\/2025\/11\/casa-high-tech-alicante-fachada.jpg","width":1920,"height":1080,"caption":"Proc\u00e9s de fabricaci\u00f3 d\u2019una casa modular pas a pas"},{"@type":"BreadcrumbList","@id":"https:\/\/construccionsmodulars.es\/ca\/blog\/com-es-fabrica-casa-modular-pas-a-pas\/#breadcrumb","itemListElement":[{"@type":"ListItem","position":1,"name":"Inici","item":"https:\/\/construccionsmodulars.es\/ca\/"},{"@type":"ListItem","position":2,"name":"Com es fabrica una casa modular pas a pas"}]},{"@type":"WebSite","@id":"https:\/\/construccionsmodulars.es\/ca\/#website","url":"https:\/\/construccionsmodulars.es\/ca\/","name":"ModulAr","description":"Construccions Met\u00e0l.liques","publisher":{"@id":"https:\/\/construccionsmodulars.es\/ca\/#organization"},"potentialAction":[{"@type":"SearchAction","target":{"@type":"EntryPoint","urlTemplate":"https:\/\/construccionsmodulars.es\/ca\/?s={search_term_string}"},"query-input":{"@type":"PropertyValueSpecification","valueRequired":true,"valueName":"search_term_string"}}],"inLanguage":"ca"},{"@type":"Organization","@id":"https:\/\/construccionsmodulars.es\/ca\/#organization","name":"ModulAr","url":"https:\/\/construccionsmodulars.es\/ca\/","logo":{"@type":"ImageObject","inLanguage":"ca","@id":"https:\/\/construccionsmodulars.es\/ca\/#\/schema\/logo\/image\/","url":"https:\/\/construccionsmodulars.es\/wp-content\/uploads\/2025\/06\/Logo_Modular_v03-18-scaled.jpg","contentUrl":"https:\/\/construccionsmodulars.es\/wp-content\/uploads\/2025\/06\/Logo_Modular_v03-18-scaled.jpg","width":2560,"height":2560,"caption":"ModulAr"},"image":{"@id":"https:\/\/construccionsmodulars.es\/ca\/#\/schema\/logo\/image\/"},"sameAs":["https:\/\/www.facebook.com\/ModularCasasyestructuras","https:\/\/www.instagram.com\/modular_estructuras_metalicas\/"]}]}},"_links":{"self":[{"href":"https:\/\/construccionsmodulars.es\/ca\/wp-json\/wp\/v2\/blog\/4748","targetHints":{"allow":["GET"]}}],"collection":[{"href":"https:\/\/construccionsmodulars.es\/ca\/wp-json\/wp\/v2\/blog"}],"about":[{"href":"https:\/\/construccionsmodulars.es\/ca\/wp-json\/wp\/v2\/types\/blog"}],"wp:featuredmedia":[{"embeddable":true,"href":"https:\/\/construccionsmodulars.es\/ca\/wp-json\/wp\/v2\/media\/4749"}],"wp:attachment":[{"href":"https:\/\/construccionsmodulars.es\/ca\/wp-json\/wp\/v2\/media?parent=4748"}],"curies":[{"name":"wp","href":"https:\/\/api.w.org\/{rel}","templated":true}]}}