{"id":4812,"date":"2025-12-16T18:09:45","date_gmt":"2025-12-16T18:09:45","guid":{"rendered":"https:\/\/construccionsmodulars.es\/?post_type=blog&#038;p=4812"},"modified":"2025-12-18T14:24:44","modified_gmt":"2025-12-18T14:24:44","slug":"construccio-modular-futur-sector-immobiliari","status":"publish","type":"blog","link":"https:\/\/construccionsmodulars.es\/ca\/blog\/construccio-modular-futur-sector-immobiliari\/","title":{"rendered":"Per qu\u00e8 la construcci\u00f3 modular \u00e9s el futur del sector immobiliari?"},"content":{"rendered":"<div class=\"fusion-fullwidth fullwidth-box fusion-builder-row-1 fusion-flex-container nonhundred-percent-fullwidth non-hundred-percent-height-scrolling\" style=\"--awb-border-radius-top-left:0px;--awb-border-radius-top-right:0px;--awb-border-radius-bottom-right:0px;--awb-border-radius-bottom-left:0px;--awb-flex-wrap:wrap;\" ><div class=\"fusion-builder-row fusion-row fusion-flex-align-items-flex-start fusion-flex-content-wrap\" style=\"max-width:1227.2px;margin-left: calc(-4% \/ 2 );margin-right: calc(-4% \/ 2 );\"><div class=\"fusion-layout-column fusion_builder_column fusion-builder-column-0 fusion_builder_column_1_1 1_1 fusion-flex-column\" style=\"--awb-bg-blend:overlay;--awb-bg-size:cover;--awb-width-large:100%;--awb-margin-top-large:0px;--awb-spacing-right-large:1.92%;--awb-margin-bottom-large:0px;--awb-spacing-left-large:1.92%;--awb-width-medium:100%;--awb-spacing-right-medium:1.92%;--awb-spacing-left-medium:1.92%;--awb-width-small:100%;--awb-spacing-right-small:1.92%;--awb-spacing-left-small:1.92%;\"><div class=\"fusion-column-wrapper fusion-flex-justify-content-flex-start fusion-content-layout-column\"><div class=\"fusion-text fusion-text-1\"><h2 class=\"fusion-responsive-typography-calculated\" style=\"--fontsize: 16; line-height: 1.15; --minfontsize: 16;\" data-start=\"130\" data-end=\"205\" data-fontsize=\"16\" data-lineheight=\"18.4px\"><strong style=\"background-color: rgba(0, 0, 0, 0);\" data-start=\"206\" data-end=\"277\">\u00a0<\/strong><\/h2>\n<p style=\"--fontsize: 16; line-height: 1.15; --minfontsize: 16;\"><strong style=\"background-color: rgba(0, 0, 0, 0);\" data-start=\"206\" data-end=\"277\">\u00a0<\/strong><\/p>\n<p style=\"--fontsize: 16; line-height: 1.15; --minfontsize: 16;\"><span style=\"background-color: rgba(0, 0, 0, 0);\" data-start=\"206\" data-end=\"277\"><b>La revoluci\u00f3 que est\u00e0 canviant com dissenyem i constru\u00efm habitatges<\/b><\/span><\/p>\n<p data-start=\"279\" data-end=\"559\">El sector de la construcci\u00f3 fa d\u00e8cades que treballa de la mateixa manera: obra al terreny, terminis llargs, imprevistos constants i un gran impacte ambiental.<br data-start=\"437\" data-end=\"440\" \/>Tanmateix, en els darrers anys, la <strong data-start=\"475\" data-end=\"498\">construcci\u00f3 modular<\/strong> ha irromput com l\u2019alternativa m\u00e9s segura, r\u00e0pida i eficient.<\/p>\n<p data-start=\"561\" data-end=\"742\">Cada vegada m\u00e9s arquitectes, promotors i fam\u00edlies trien la construcci\u00f3 modular no com una tend\u00e8ncia passatgera, sin\u00f3 com <strong data-start=\"682\" data-end=\"713\">la nova manera de construir<\/strong>.<br data-start=\"714\" data-end=\"717\" \/>Aqu\u00ed t\u2019expliquem per qu\u00e8.<\/p>\n<h2 class=\"fusion-responsive-typography-calculated\" style=\"--fontsize: 16; line-height: 1.15; --minfontsize: 16;\" data-start=\"749\" data-end=\"805\" data-fontsize=\"16\" data-lineheight=\"18.4px\"><\/h2>\n<h2 class=\"fusion-responsive-typography-calculated\" style=\"--fontsize: 16; line-height: 1.15; --minfontsize: 16;\" data-start=\"749\" data-end=\"805\" data-fontsize=\"16\" data-lineheight=\"18.4px\"><strong data-start=\"756\" data-end=\"805\">1. Velocitat de construcci\u00f3 sense compet\u00e8ncia<\/strong><\/h2>\n<p><strong data-start=\"756\" data-end=\"805\">\u00a0<\/strong><\/p>\n<p data-start=\"806\" data-end=\"930\">Mentre que una casa tradicional pot trigar entre <strong data-start=\"855\" data-end=\"872\">12 i 24 mesos<\/strong>, un habitatge modular pot estar llest en <strong data-start=\"914\" data-end=\"929\">3 a 6 mesos<\/strong>.<\/p>\n<p data-start=\"932\" data-end=\"1094\"><span data-start=\"932\" data-end=\"944\"><b>Per qu\u00e8?<\/b><\/span><br data-start=\"944\" data-end=\"947\" \/>Perqu\u00e8 fins al <strong data-start=\"962\" data-end=\"1010\">80% de la construcci\u00f3 es realitza en f\u00e0brica<\/strong>, en un entorn controlat, sense dependre del clima i amb processos industrialitzats.<\/p>\n<p data-start=\"1096\" data-end=\"1119\"><strong data-start=\"1096\" data-end=\"1119\">Beneficis directes:<\/strong><\/p>\n<ul data-start=\"1120\" data-end=\"1210\">\n<li data-start=\"1120\" data-end=\"1137\">\n<p data-start=\"1122\" data-end=\"1137\">Menys retards<\/p>\n<\/li>\n<li data-start=\"1138\" data-end=\"1170\">\n<p data-start=\"1140\" data-end=\"1170\">Menys costos per imprevistos<\/p>\n<\/li>\n<li data-start=\"1171\" data-end=\"1210\">\n<p data-start=\"1173\" data-end=\"1210\">Lliuraments sempre dins del termini<\/p>\n<\/li>\n<\/ul>\n<p data-start=\"1212\" data-end=\"1319\">\ud83d\udc49 En el sector immobiliari, <strong data-start=\"1241\" data-end=\"1263\">el temps \u00e9s diners<\/strong>. Per aix\u00f2 la construcci\u00f3 modular est\u00e0 guanyant terreny.<\/p>\n<h2 class=\"fusion-responsive-typography-calculated\" style=\"--fontsize: 16; line-height: 1.15; --minfontsize: 16;\" data-start=\"1326\" data-end=\"1393\" data-fontsize=\"16\" data-lineheight=\"18.4px\"><\/h2>\n<h2 class=\"fusion-responsive-typography-calculated\" style=\"--fontsize: 16; line-height: 1.15; --minfontsize: 16;\" data-start=\"1326\" data-end=\"1393\" data-fontsize=\"16\" data-lineheight=\"18.4px\"><strong data-start=\"1332\" data-end=\"1393\">2. Costos tancats des del principi (ad\u00e9u a les sorpreses)<\/strong><\/h2>\n<p><strong data-start=\"1332\" data-end=\"1393\">\u00a0<\/strong><\/p>\n<p data-start=\"1394\" data-end=\"1584\">Un dels grans problemes de la construcci\u00f3 convencional s\u00f3n els <strong data-start=\"1457\" data-end=\"1472\">sobrecostos<\/strong>.<br data-start=\"1473\" data-end=\"1476\" \/>Amb el sistema modular, els preus es tanquen abans d\u2019iniciar la fabricaci\u00f3 i <strong data-start=\"1553\" data-end=\"1583\">no varien durant el proc\u00e9s<\/strong>.<\/p>\n<p data-start=\"1586\" data-end=\"1598\">Aix\u00f2 permet:<\/p>\n<ul data-start=\"1599\" data-end=\"1719\">\n<li data-start=\"1599\" data-end=\"1632\">\n<p data-start=\"1601\" data-end=\"1632\">Planificaci\u00f3 financera segura<\/p>\n<\/li>\n<li data-start=\"1633\" data-end=\"1661\">\n<p data-start=\"1635\" data-end=\"1661\">Inversions m\u00e9s rendibles<\/p>\n<\/li>\n<li data-start=\"1662\" data-end=\"1719\">\n<p data-start=\"1664\" data-end=\"1719\">Eliminaci\u00f3 gaireb\u00e9 total de desviacions de pressupost<\/p>\n<\/li>\n<\/ul>\n<p data-start=\"1721\" data-end=\"1788\">\ud83d\udc49 Tant per a particulars com per a inversors, aquest punt \u00e9s clau.<\/p>\n<h2 class=\"fusion-responsive-typography-calculated\" style=\"--fontsize: 16; line-height: 1.15; --minfontsize: 16;\" data-start=\"1795\" data-end=\"1852\" data-fontsize=\"16\" data-lineheight=\"18.4px\"><\/h2>\n<h2 class=\"fusion-responsive-typography-calculated\" style=\"--fontsize: 16; line-height: 1.15; --minfontsize: 16;\" data-start=\"1795\" data-end=\"1852\" data-fontsize=\"16\" data-lineheight=\"18.4px\"><strong data-start=\"1801\" data-end=\"1852\">3. Efici\u00e8ncia energ\u00e8tica i sostenibilitat reals<\/strong><\/h2>\n<p><strong data-start=\"1801\" data-end=\"1852\">\u00a0<\/strong><\/p>\n<p data-start=\"1853\" data-end=\"2045\">La construcci\u00f3 modular es dissenya des del principi amb criteris d\u2019efici\u00e8ncia energ\u00e8tica.<br data-start=\"1942\" data-end=\"1945\" \/>Els habitatges es fabriquen amb sistemes d\u2019a\u00efllament avan\u00e7ats i amb un consum energ\u00e8tic molt redu\u00eft.<\/p>\n<p data-start=\"2047\" data-end=\"2074\"><strong data-start=\"2047\" data-end=\"2074\">Avantatges sostenibles:<\/strong><\/p>\n<ul data-start=\"2075\" data-end=\"2243\">\n<li data-start=\"2075\" data-end=\"2115\">\n<p data-start=\"2077\" data-end=\"2115\">Estalvi energ\u00e8tic de fins al <strong data-start=\"2106\" data-end=\"2113\">60%<\/strong><\/p>\n<\/li>\n<li data-start=\"2116\" data-end=\"2143\">\n<p data-start=\"2118\" data-end=\"2143\">Residus m\u00ednims a l\u2019obra<\/p>\n<\/li>\n<li data-start=\"2144\" data-end=\"2201\">\n<p data-start=\"2146\" data-end=\"2201\">Emissions redu\u00efdes gr\u00e0cies a la fabricaci\u00f3 controlada<\/p>\n<\/li>\n<li data-start=\"2202\" data-end=\"2243\">\n<p data-start=\"2204\" data-end=\"2243\">Materials m\u00e9s eficients i reciclables<\/p>\n<\/li>\n<\/ul>\n<p data-start=\"2245\" data-end=\"2370\">\ud83d\udc49 En un futur amb normatives energ\u00e8tiques cada cop m\u00e9s estrictes, la construcci\u00f3 modular <strong data-start=\"2335\" data-end=\"2369\">s\u2019avan\u00e7a al que est\u00e0 per venir<\/strong>.<\/p>\n<h2 class=\"fusion-responsive-typography-calculated\" style=\"--fontsize: 16; line-height: 1.15; --minfontsize: 16;\" data-start=\"2377\" data-end=\"2447\" data-fontsize=\"16\" data-lineheight=\"18.4px\"><\/h2>\n<h2 class=\"fusion-responsive-typography-calculated\" style=\"--fontsize: 16; line-height: 1.15; --minfontsize: 16;\" data-start=\"2377\" data-end=\"2447\" data-fontsize=\"16\" data-lineheight=\"18.4px\"><strong data-start=\"2384\" data-end=\"2447\">\u00a0<\/strong><\/h2>\n<h2 class=\"fusion-responsive-typography-calculated\" style=\"--fontsize: 16; line-height: 1.15; --minfontsize: 16;\" data-start=\"2377\" data-end=\"2447\" data-fontsize=\"16\" data-lineheight=\"18.4px\"><strong data-start=\"2384\" data-end=\"2447\">4. Major qualitat estructural gr\u00e0cies al control en f\u00e0brica<\/strong><\/h2>\n<p><strong data-start=\"2384\" data-end=\"2447\">\u00a0<\/strong><\/p>\n<p data-start=\"2448\" data-end=\"2646\">En l\u2019obra tradicional, les condicions canvien cada dia: pluja, vent, variabilitat de la m\u00e0 d\u2019obra\u2026<br data-start=\"2546\" data-end=\"2549\" \/>En canvi, la construcci\u00f3 modular es realitza en un <strong data-start=\"2600\" data-end=\"2645\">entorn industrial amb controls exhaustius<\/strong>.<\/p>\n<p data-start=\"2648\" data-end=\"2663\">Aix\u00f2 garanteix:<\/p>\n<ul data-start=\"2664\" data-end=\"2800\">\n<li data-start=\"2664\" data-end=\"2694\">\n<p data-start=\"2666\" data-end=\"2694\">Estructures m\u00e9s resistents<\/p>\n<\/li>\n<li data-start=\"2695\" data-end=\"2731\">\n<p data-start=\"2697\" data-end=\"2731\">Est\u00e0ndards de qualitat uniformes<\/p>\n<\/li>\n<li data-start=\"2732\" data-end=\"2771\">\n<p data-start=\"2734\" data-end=\"2771\">Assajos i proves abans del muntatge<\/p>\n<\/li>\n<li data-start=\"2772\" data-end=\"2800\">\n<p data-start=\"2774\" data-end=\"2800\">Reducci\u00f3 d\u2019errors humans<\/p>\n<\/li>\n<\/ul>\n<p data-start=\"2802\" data-end=\"2870\">\ud83d\udc49 El sector immobiliari demana <strong data-start=\"2834\" data-end=\"2855\">qualitat constant<\/strong>, no variables.<\/p>\n<h2 class=\"fusion-responsive-typography-calculated\" style=\"--fontsize: 16; line-height: 1.15; --minfontsize: 16;\" data-start=\"2877\" data-end=\"2928\" data-fontsize=\"16\" data-lineheight=\"18.4px\"><\/h2>\n<h2 class=\"fusion-responsive-typography-calculated\" style=\"--fontsize: 16; line-height: 1.15; --minfontsize: 16;\" data-start=\"2877\" data-end=\"2928\" data-fontsize=\"16\" data-lineheight=\"18.4px\"><strong data-start=\"2883\" data-end=\"2928\">5. Disseny modern i personalitzaci\u00f3 total<\/strong><\/h2>\n<p><strong data-start=\"2883\" data-end=\"2928\">\u00a0<\/strong><\/p>\n<p data-start=\"2929\" data-end=\"3065\">El mite que les cases modulars \u201cs\u00f3n totes iguals\u201d ja ha quedat enrere.<br data-start=\"2999\" data-end=\"3002\" \/>Avui dia es poden crear <strong data-start=\"3026\" data-end=\"3055\">dissenys totalment a mida<\/strong>, com ara:<\/p>\n<ul data-start=\"3066\" data-end=\"3163\">\n<li data-start=\"3066\" data-end=\"3088\">\n<p data-start=\"3068\" data-end=\"3088\">Habitatges moderns<\/p>\n<\/li>\n<li data-start=\"3089\" data-end=\"3106\">\n<p data-start=\"3091\" data-end=\"3106\">Cases de luxe<\/p>\n<\/li>\n<li data-start=\"3107\" data-end=\"3132\">\n<p data-start=\"3109\" data-end=\"3132\">Dissenys minimalistes<\/p>\n<\/li>\n<li data-start=\"3133\" data-end=\"3163\">\n<p data-start=\"3135\" data-end=\"3163\">Projectes modulars h\u00edbrids<\/p>\n<\/li>\n<\/ul>\n<p data-start=\"3165\" data-end=\"3250\">La flexibilitat arquitect\u00f2nica \u00e9s un dels grans atractius per als compradors actuals.<\/p>\n<h2 class=\"fusion-responsive-typography-calculated\" style=\"--fontsize: 16; line-height: 1.15; --minfontsize: 16;\" data-start=\"3257\" data-end=\"3334\" data-fontsize=\"16\" data-lineheight=\"18.4px\"><\/h2>\n<h2 class=\"fusion-responsive-typography-calculated\" style=\"--fontsize: 16; line-height: 1.15; --minfontsize: 16;\" data-start=\"3257\" data-end=\"3334\" data-fontsize=\"16\" data-lineheight=\"18.4px\"><strong data-start=\"3263\" data-end=\"3334\">6. Resposta perfecta a la necessitat d\u2019habitatge r\u00e0pid i assequible<\/strong><\/h2>\n<p><strong data-start=\"3263\" data-end=\"3334\">\u00a0<\/strong><\/p>\n<p data-start=\"3335\" data-end=\"3528\">Espanya i Europa afronten un repte important: <strong data-start=\"3381\" data-end=\"3426\">alta demanda d\u2019habitatge i manca d\u2019oferta<\/strong>.<br data-start=\"3427\" data-end=\"3430\" \/>La construcci\u00f3 modular permet donar resposta a aquesta necessitat de manera eficient i sostenible.<\/p>\n<p data-start=\"3530\" data-end=\"3545\">\u00c9s ideal per a:<\/p>\n<ul data-start=\"3546\" data-end=\"3716\">\n<li data-start=\"3546\" data-end=\"3574\">\n<p data-start=\"3548\" data-end=\"3574\">Promocions immobili\u00e0ries<\/p>\n<\/li>\n<li data-start=\"3575\" data-end=\"3599\">\n<p data-start=\"3577\" data-end=\"3599\">Habitatge assequible<\/p>\n<\/li>\n<li data-start=\"3600\" data-end=\"3630\">\n<p data-start=\"3602\" data-end=\"3630\">Urbanitzacions sostenibles<\/p>\n<\/li>\n<li data-start=\"3631\" data-end=\"3677\">\n<p data-start=\"3633\" data-end=\"3677\">Hotels, bungalows i allotjaments tur\u00edstics<\/p>\n<\/li>\n<li data-start=\"3678\" data-end=\"3716\">\n<p data-start=\"3680\" data-end=\"3716\">Ampliacions d\u2019habitatges existents<\/p>\n<\/li>\n<\/ul>\n<p data-start=\"3718\" data-end=\"3811\">\ud83d\udc49 La construcci\u00f3 modular escur\u00e7a terminis i redueix costos, just el que el mercat necessita.<\/p>\n<h2 class=\"fusion-responsive-typography-calculated\" style=\"--fontsize: 16; line-height: 1.15; --minfontsize: 16;\" data-start=\"3818\" data-end=\"3884\" data-fontsize=\"16\" data-lineheight=\"18.4px\"><\/h2>\n<h2 class=\"fusion-responsive-typography-calculated\" style=\"--fontsize: 16; line-height: 1.15; --minfontsize: 16;\" data-start=\"3818\" data-end=\"3884\" data-fontsize=\"16\" data-lineheight=\"18.4px\"><strong data-start=\"3825\" data-end=\"3884\">7. Menys impacte ambiental i menys mol\u00e8sties als barris<\/strong><\/h2>\n<p><strong data-start=\"3825\" data-end=\"3884\">\u00a0<\/strong><\/p>\n<p data-start=\"3885\" data-end=\"3964\">En construir en f\u00e0brica, el terreny s\u2019ocupa durant menys temps.<br data-start=\"3948\" data-end=\"3951\" \/>Aix\u00f2 redueix:<\/p>\n<ul data-start=\"3965\" data-end=\"4055\">\n<li data-start=\"3965\" data-end=\"3976\">\n<p data-start=\"3967\" data-end=\"3976\">Sorolls<\/p>\n<\/li>\n<li data-start=\"3977\" data-end=\"3985\">\n<p data-start=\"3979\" data-end=\"3985\">Pols<\/p>\n<\/li>\n<li data-start=\"3986\" data-end=\"4018\">\n<p data-start=\"3988\" data-end=\"4018\">Tr\u00e0nsit de maquin\u00e0ria pesada<\/p>\n<\/li>\n<li data-start=\"4019\" data-end=\"4055\">\n<p data-start=\"4021\" data-end=\"4055\">Desperfectes als carrers propers<\/p>\n<\/li>\n<\/ul>\n<p data-start=\"4057\" data-end=\"4142\">Per als municipis i les comunitats, aquest \u00e9s un avantatge que en facilita l\u2019adopci\u00f3.<\/p>\n<h2 class=\"fusion-responsive-typography-calculated\" style=\"--fontsize: 16; line-height: 1.15; --minfontsize: 16;\" data-start=\"4149\" data-end=\"4219\" data-fontsize=\"16\" data-lineheight=\"18.4px\"><\/h2>\n<h2 class=\"fusion-responsive-typography-calculated\" style=\"--fontsize: 16; line-height: 1.15; --minfontsize: 16;\" data-start=\"4149\" data-end=\"4219\" data-fontsize=\"16\" data-lineheight=\"18.4px\"><strong data-start=\"4155\" data-end=\"4219\">8. Una tend\u00e8ncia global que Espanya est\u00e0 adoptant r\u00e0pidament<\/strong><\/h2>\n<p><strong data-start=\"4155\" data-end=\"4219\">\u00a0<\/strong><\/p>\n<p data-start=\"4220\" data-end=\"4379\">En pa\u00efsos com els <strong data-start=\"4238\" data-end=\"4274\">Estats Units, Austr\u00e0lia o Su\u00e8cia<\/strong>, la construcci\u00f3 modular ja \u00e9s una part important del mercat.<br data-start=\"4335\" data-end=\"4338\" \/>Espanya segueix el mateix cam\u00ed gr\u00e0cies a:<\/p>\n<ul data-start=\"4380\" data-end=\"4537\">\n<li data-start=\"4380\" data-end=\"4411\">\n<p data-start=\"4382\" data-end=\"4411\">Noves normatives favorables<\/p>\n<\/li>\n<li data-start=\"4412\" data-end=\"4452\">\n<p data-start=\"4414\" data-end=\"4452\">Forta demanda d\u2019habitatges eficients<\/p>\n<\/li>\n<li data-start=\"4453\" data-end=\"4487\">\n<p data-start=\"4455\" data-end=\"4487\">Creixent consci\u00e8ncia ambiental<\/p>\n<\/li>\n<li data-start=\"4488\" data-end=\"4537\">\n<p data-start=\"4490\" data-end=\"4537\">Necessitat de reduir els temps de construcci\u00f3<\/p>\n<\/li>\n<\/ul>\n<p data-start=\"4539\" data-end=\"4620\">\ud83d\udc49 Aix\u00f2 converteix la construcci\u00f3 modular en <strong data-start=\"4584\" data-end=\"4619\">una inversi\u00f3 amb visi\u00f3 de futur<\/strong>.<\/p>\n<h2 class=\"fusion-responsive-typography-calculated\" style=\"--fontsize: 16; line-height: 1.15; --minfontsize: 16;\" data-start=\"4627\" data-end=\"4645\" data-fontsize=\"16\" data-lineheight=\"18.4px\"><\/h2>\n<h2 class=\"fusion-responsive-typography-calculated\" style=\"--fontsize: 16; line-height: 1.15; --minfontsize: 16;\" data-start=\"4627\" data-end=\"4645\" data-fontsize=\"16\" data-lineheight=\"18.4px\"><strong data-start=\"4632\" data-end=\"4645\">Conclusi\u00f3: <\/strong><span style=\"font-family: Roboto; text-transform: none; background-color: rgba(0, 0, 0, 0);\">La construcci\u00f3 modular <\/span><strong style=\"font-family: Roboto; text-transform: none; background-color: rgba(0, 0, 0, 0);\" data-start=\"4669\" data-end=\"4702\">no \u00e9s el futur: \u00e9s el present<\/strong><span style=\"font-family: Roboto; text-transform: none; background-color: rgba(0, 0, 0, 0);\"> que est\u00e0 transformant el sector immobiliari.<\/span><\/h2>\n<p data-start=\"4646\" data-end=\"4878\">Ofereix rapidesa, qualitat, efici\u00e8ncia energ\u00e8tica i estalvi, convertint-se en la soluci\u00f3 ideal per als habitatges del segle XXI.<\/p>\n<p data-start=\"4880\" data-end=\"5009\">A <strong data-start=\"4882\" data-end=\"4908\">Construccions Modulars<\/strong>, estem a l\u2019avantguarda d\u2019aquest canvi, creant llars sostenibles, modernes i fabricades amb precisi\u00f3.<\/p>\n<p data-start=\"5011\" data-end=\"5175\"><a href=\"https:\/\/construccionsmodulars.es\/ca\/contacte\/\">\ud83d\udc49 <strong data-start=\"5014\" data-end=\"5137\">Sol\u00b7licita una assessoria gratu\u00efta i descobreix com la construcci\u00f3 modular pot ser la millor opci\u00f3 per al teu projecte.<\/strong><\/a><\/p>\n<\/div><\/div><\/div><\/div><\/div>\n","protected":false},"featured_media":3669,"template":"","class_list":["post-4812","blog","type-blog","status-publish","has-post-thumbnail","hentry"],"yoast_head":"<!-- This site is optimized with the Yoast SEO Premium plugin v25.1 (Yoast SEO v27.5) - https:\/\/yoast.com\/product\/yoast-seo-premium-wordpress\/ -->\n<title>Per qu\u00e8 la construcci\u00f3 modular \u00e9s el futur del sector immobiliari? - ModulAr<\/title>\n<meta name=\"description\" content=\"Descobreix per qu\u00e8 la construcci\u00f3 modular \u00e9s el futur del sector immobiliari: rapidesa, efici\u00e8ncia, sostenibilitat i estalvi.\" \/>\n<meta name=\"robots\" content=\"index, follow, max-snippet:-1, max-image-preview:large, max-video-preview:-1\" \/>\n<link rel=\"canonical\" href=\"https:\/\/construccionsmodulars.es\/ca\/blog\/construccio-modular-futur-sector-immobiliari\/\" \/>\n<meta property=\"og:locale\" content=\"ca_ES\" \/>\n<meta property=\"og:type\" content=\"article\" \/>\n<meta property=\"og:title\" content=\"Per qu\u00e8 la construcci\u00f3 modular \u00e9s el futur del sector immobiliari?\" \/>\n<meta property=\"og:description\" content=\"Descobreix per qu\u00e8 la construcci\u00f3 modular \u00e9s el futur del sector immobiliari: rapidesa, efici\u00e8ncia, sostenibilitat i estalvi.\" \/>\n<meta property=\"og:url\" content=\"https:\/\/construccionsmodulars.es\/ca\/blog\/construccio-modular-futur-sector-immobiliari\/\" \/>\n<meta property=\"og:site_name\" content=\"ModulAr\" \/>\n<meta property=\"article:publisher\" content=\"https:\/\/www.facebook.com\/ModularCasasyestructuras\" \/>\n<meta property=\"article:modified_time\" content=\"2025-12-18T14:24:44+00:00\" \/>\n<meta property=\"og:image\" content=\"https:\/\/construccionsmodulars.es\/wp-content\/uploads\/2024\/06\/ampliacio-vivenda-segona-planta_argamunt_07.jpg\" \/>\n\t<meta property=\"og:image:width\" content=\"1200\" \/>\n\t<meta property=\"og:image:height\" content=\"900\" \/>\n\t<meta property=\"og:image:type\" content=\"image\/jpeg\" \/>\n<meta name=\"twitter:card\" content=\"summary_large_image\" \/>\n<meta name=\"twitter:label1\" content=\"Temps estimat de lectura\" \/>\n\t<meta name=\"twitter:data1\" content=\"4 minuts\" \/>\n<script type=\"application\/ld+json\" class=\"yoast-schema-graph\">{\"@context\":\"https:\\\/\\\/schema.org\",\"@graph\":[{\"@type\":\"WebPage\",\"@id\":\"https:\\\/\\\/construccionsmodulars.es\\\/ca\\\/blog\\\/construccio-modular-futur-sector-immobiliari\\\/\",\"url\":\"https:\\\/\\\/construccionsmodulars.es\\\/ca\\\/blog\\\/construccio-modular-futur-sector-immobiliari\\\/\",\"name\":\"Per qu\u00e8 la construcci\u00f3 modular \u00e9s el futur del sector immobiliari? - ModulAr\",\"isPartOf\":{\"@id\":\"https:\\\/\\\/construccionsmodulars.es\\\/ca\\\/#website\"},\"primaryImageOfPage\":{\"@id\":\"https:\\\/\\\/construccionsmodulars.es\\\/ca\\\/blog\\\/construccio-modular-futur-sector-immobiliari\\\/#primaryimage\"},\"image\":{\"@id\":\"https:\\\/\\\/construccionsmodulars.es\\\/ca\\\/blog\\\/construccio-modular-futur-sector-immobiliari\\\/#primaryimage\"},\"thumbnailUrl\":\"https:\\\/\\\/construccionsmodulars.es\\\/wp-content\\\/uploads\\\/2024\\\/06\\\/ampliacio-vivenda-segona-planta_argamunt_07.jpg\",\"datePublished\":\"2025-12-16T18:09:45+00:00\",\"dateModified\":\"2025-12-18T14:24:44+00:00\",\"description\":\"Descobreix per qu\u00e8 la construcci\u00f3 modular \u00e9s el futur del sector immobiliari: rapidesa, efici\u00e8ncia, sostenibilitat i estalvi.\",\"breadcrumb\":{\"@id\":\"https:\\\/\\\/construccionsmodulars.es\\\/ca\\\/blog\\\/construccio-modular-futur-sector-immobiliari\\\/#breadcrumb\"},\"inLanguage\":\"ca\",\"potentialAction\":[{\"@type\":\"ReadAction\",\"target\":[\"https:\\\/\\\/construccionsmodulars.es\\\/ca\\\/blog\\\/construccio-modular-futur-sector-immobiliari\\\/\"]}]},{\"@type\":\"ImageObject\",\"inLanguage\":\"ca\",\"@id\":\"https:\\\/\\\/construccionsmodulars.es\\\/ca\\\/blog\\\/construccio-modular-futur-sector-immobiliari\\\/#primaryimage\",\"url\":\"https:\\\/\\\/construccionsmodulars.es\\\/wp-content\\\/uploads\\\/2024\\\/06\\\/ampliacio-vivenda-segona-planta_argamunt_07.jpg\",\"contentUrl\":\"https:\\\/\\\/construccionsmodulars.es\\\/wp-content\\\/uploads\\\/2024\\\/06\\\/ampliacio-vivenda-segona-planta_argamunt_07.jpg\",\"width\":1200,\"height\":900,\"caption\":\"construccio modular\"},{\"@type\":\"BreadcrumbList\",\"@id\":\"https:\\\/\\\/construccionsmodulars.es\\\/ca\\\/blog\\\/construccio-modular-futur-sector-immobiliari\\\/#breadcrumb\",\"itemListElement\":[{\"@type\":\"ListItem\",\"position\":1,\"name\":\"Inici\",\"item\":\"https:\\\/\\\/construccionsmodulars.es\\\/ca\\\/\"},{\"@type\":\"ListItem\",\"position\":2,\"name\":\"Per qu\u00e8 la construcci\u00f3 modular \u00e9s el futur del sector immobiliari?\"}]},{\"@type\":\"WebSite\",\"@id\":\"https:\\\/\\\/construccionsmodulars.es\\\/ca\\\/#website\",\"url\":\"https:\\\/\\\/construccionsmodulars.es\\\/ca\\\/\",\"name\":\"ModulAr\",\"description\":\"Construccions Met\u00e0l.liques\",\"publisher\":{\"@id\":\"https:\\\/\\\/construccionsmodulars.es\\\/ca\\\/#organization\"},\"potentialAction\":[{\"@type\":\"SearchAction\",\"target\":{\"@type\":\"EntryPoint\",\"urlTemplate\":\"https:\\\/\\\/construccionsmodulars.es\\\/ca\\\/?s={search_term_string}\"},\"query-input\":{\"@type\":\"PropertyValueSpecification\",\"valueRequired\":true,\"valueName\":\"search_term_string\"}}],\"inLanguage\":\"ca\"},{\"@type\":\"Organization\",\"@id\":\"https:\\\/\\\/construccionsmodulars.es\\\/ca\\\/#organization\",\"name\":\"ModulAr\",\"url\":\"https:\\\/\\\/construccionsmodulars.es\\\/ca\\\/\",\"logo\":{\"@type\":\"ImageObject\",\"inLanguage\":\"ca\",\"@id\":\"https:\\\/\\\/construccionsmodulars.es\\\/ca\\\/#\\\/schema\\\/logo\\\/image\\\/\",\"url\":\"https:\\\/\\\/construccionsmodulars.es\\\/wp-content\\\/uploads\\\/2025\\\/06\\\/Logo_Modular_v03-18-scaled.jpg\",\"contentUrl\":\"https:\\\/\\\/construccionsmodulars.es\\\/wp-content\\\/uploads\\\/2025\\\/06\\\/Logo_Modular_v03-18-scaled.jpg\",\"width\":2560,\"height\":2560,\"caption\":\"ModulAr\"},\"image\":{\"@id\":\"https:\\\/\\\/construccionsmodulars.es\\\/ca\\\/#\\\/schema\\\/logo\\\/image\\\/\"},\"sameAs\":[\"https:\\\/\\\/www.facebook.com\\\/ModularCasasyestructuras\",\"https:\\\/\\\/www.instagram.com\\\/modular_estructuras_metalicas\\\/\"]}]}<\/script>\n<!-- \/ Yoast SEO Premium plugin. -->","yoast_head_json":{"title":"Per qu\u00e8 la construcci\u00f3 modular \u00e9s el futur del sector immobiliari? - ModulAr","description":"Descobreix per qu\u00e8 la construcci\u00f3 modular \u00e9s el futur del sector immobiliari: rapidesa, efici\u00e8ncia, sostenibilitat i estalvi.","robots":{"index":"index","follow":"follow","max-snippet":"max-snippet:-1","max-image-preview":"max-image-preview:large","max-video-preview":"max-video-preview:-1"},"canonical":"https:\/\/construccionsmodulars.es\/ca\/blog\/construccio-modular-futur-sector-immobiliari\/","og_locale":"ca_ES","og_type":"article","og_title":"Per qu\u00e8 la construcci\u00f3 modular \u00e9s el futur del sector immobiliari?","og_description":"Descobreix per qu\u00e8 la construcci\u00f3 modular \u00e9s el futur del sector immobiliari: rapidesa, efici\u00e8ncia, sostenibilitat i estalvi.","og_url":"https:\/\/construccionsmodulars.es\/ca\/blog\/construccio-modular-futur-sector-immobiliari\/","og_site_name":"ModulAr","article_publisher":"https:\/\/www.facebook.com\/ModularCasasyestructuras","article_modified_time":"2025-12-18T14:24:44+00:00","og_image":[{"width":1200,"height":900,"url":"https:\/\/construccionsmodulars.es\/wp-content\/uploads\/2024\/06\/ampliacio-vivenda-segona-planta_argamunt_07.jpg","type":"image\/jpeg"}],"twitter_card":"summary_large_image","twitter_misc":{"Temps estimat de lectura":"4 minuts"},"schema":{"@context":"https:\/\/schema.org","@graph":[{"@type":"WebPage","@id":"https:\/\/construccionsmodulars.es\/ca\/blog\/construccio-modular-futur-sector-immobiliari\/","url":"https:\/\/construccionsmodulars.es\/ca\/blog\/construccio-modular-futur-sector-immobiliari\/","name":"Per qu\u00e8 la construcci\u00f3 modular \u00e9s el futur del sector immobiliari? - ModulAr","isPartOf":{"@id":"https:\/\/construccionsmodulars.es\/ca\/#website"},"primaryImageOfPage":{"@id":"https:\/\/construccionsmodulars.es\/ca\/blog\/construccio-modular-futur-sector-immobiliari\/#primaryimage"},"image":{"@id":"https:\/\/construccionsmodulars.es\/ca\/blog\/construccio-modular-futur-sector-immobiliari\/#primaryimage"},"thumbnailUrl":"https:\/\/construccionsmodulars.es\/wp-content\/uploads\/2024\/06\/ampliacio-vivenda-segona-planta_argamunt_07.jpg","datePublished":"2025-12-16T18:09:45+00:00","dateModified":"2025-12-18T14:24:44+00:00","description":"Descobreix per qu\u00e8 la construcci\u00f3 modular \u00e9s el futur del sector immobiliari: rapidesa, efici\u00e8ncia, sostenibilitat i estalvi.","breadcrumb":{"@id":"https:\/\/construccionsmodulars.es\/ca\/blog\/construccio-modular-futur-sector-immobiliari\/#breadcrumb"},"inLanguage":"ca","potentialAction":[{"@type":"ReadAction","target":["https:\/\/construccionsmodulars.es\/ca\/blog\/construccio-modular-futur-sector-immobiliari\/"]}]},{"@type":"ImageObject","inLanguage":"ca","@id":"https:\/\/construccionsmodulars.es\/ca\/blog\/construccio-modular-futur-sector-immobiliari\/#primaryimage","url":"https:\/\/construccionsmodulars.es\/wp-content\/uploads\/2024\/06\/ampliacio-vivenda-segona-planta_argamunt_07.jpg","contentUrl":"https:\/\/construccionsmodulars.es\/wp-content\/uploads\/2024\/06\/ampliacio-vivenda-segona-planta_argamunt_07.jpg","width":1200,"height":900,"caption":"construccio modular"},{"@type":"BreadcrumbList","@id":"https:\/\/construccionsmodulars.es\/ca\/blog\/construccio-modular-futur-sector-immobiliari\/#breadcrumb","itemListElement":[{"@type":"ListItem","position":1,"name":"Inici","item":"https:\/\/construccionsmodulars.es\/ca\/"},{"@type":"ListItem","position":2,"name":"Per qu\u00e8 la construcci\u00f3 modular \u00e9s el futur del sector immobiliari?"}]},{"@type":"WebSite","@id":"https:\/\/construccionsmodulars.es\/ca\/#website","url":"https:\/\/construccionsmodulars.es\/ca\/","name":"ModulAr","description":"Construccions Met\u00e0l.liques","publisher":{"@id":"https:\/\/construccionsmodulars.es\/ca\/#organization"},"potentialAction":[{"@type":"SearchAction","target":{"@type":"EntryPoint","urlTemplate":"https:\/\/construccionsmodulars.es\/ca\/?s={search_term_string}"},"query-input":{"@type":"PropertyValueSpecification","valueRequired":true,"valueName":"search_term_string"}}],"inLanguage":"ca"},{"@type":"Organization","@id":"https:\/\/construccionsmodulars.es\/ca\/#organization","name":"ModulAr","url":"https:\/\/construccionsmodulars.es\/ca\/","logo":{"@type":"ImageObject","inLanguage":"ca","@id":"https:\/\/construccionsmodulars.es\/ca\/#\/schema\/logo\/image\/","url":"https:\/\/construccionsmodulars.es\/wp-content\/uploads\/2025\/06\/Logo_Modular_v03-18-scaled.jpg","contentUrl":"https:\/\/construccionsmodulars.es\/wp-content\/uploads\/2025\/06\/Logo_Modular_v03-18-scaled.jpg","width":2560,"height":2560,"caption":"ModulAr"},"image":{"@id":"https:\/\/construccionsmodulars.es\/ca\/#\/schema\/logo\/image\/"},"sameAs":["https:\/\/www.facebook.com\/ModularCasasyestructuras","https:\/\/www.instagram.com\/modular_estructuras_metalicas\/"]}]}},"_links":{"self":[{"href":"https:\/\/construccionsmodulars.es\/ca\/wp-json\/wp\/v2\/blog\/4812","targetHints":{"allow":["GET"]}}],"collection":[{"href":"https:\/\/construccionsmodulars.es\/ca\/wp-json\/wp\/v2\/blog"}],"about":[{"href":"https:\/\/construccionsmodulars.es\/ca\/wp-json\/wp\/v2\/types\/blog"}],"wp:featuredmedia":[{"embeddable":true,"href":"https:\/\/construccionsmodulars.es\/ca\/wp-json\/wp\/v2\/media\/3669"}],"wp:attachment":[{"href":"https:\/\/construccionsmodulars.es\/ca\/wp-json\/wp\/v2\/media?parent=4812"}],"curies":[{"name":"wp","href":"https:\/\/api.w.org\/{rel}","templated":true}]}}